{"id":97305,"date":"2019-08-06T10:51:16","date_gmt":"2019-08-06T10:51:16","guid":{"rendered":"https:\/\/swissfinanciers.com\/?p=97305"},"modified":"2023-03-28T09:45:32","modified_gmt":"2023-03-28T09:45:32","slug":"marie-majkowiez","status":"publish","type":"post","link":"https:\/\/swissfinanciers.com\/fr\/marie-majkowiez\/","title":{"rendered":"Marie Majkowiez"},"content":{"rendered":"<div data-elementor-type=\"wp-post\" data-elementor-id=\"97305\" class=\"elementor elementor-97305\" data-elementor-post-type=\"post\">\n\t\t\t\t\t\t<section class=\"elementor-section elementor-top-section elementor-element elementor-element-3e5c508 elementor-section-boxed elementor-section-height-default elementor-section-height-default\" data-id=\"3e5c508\" data-element_type=\"section\">\n\t\t\t\t\t\t<div class=\"elementor-container elementor-column-gap-default\">\n\t\t\t\t\t<div class=\"elementor-column elementor-col-100 elementor-top-column elementor-element elementor-element-213c791\" data-id=\"213c791\" data-element_type=\"column\">\n\t\t\t<div class=\"elementor-widget-wrap elementor-element-populated\">\n\t\t\t\t\t\t<div class=\"elementor-element elementor-element-cdc7459 elementor-widget elementor-widget-heading\" data-id=\"cdc7459\" data-element_type=\"widget\" data-widget_type=\"heading.default\">\n\t\t\t\t<div class=\"elementor-widget-container\">\n\t\t\t\t\t<h3 class=\"elementor-heading-title elementor-size-default\">Partenaire<\/h3>\t\t\t\t<\/div>\n\t\t\t\t<\/div>\n\t\t\t\t<div class=\"elementor-element elementor-element-cfbafda elementor-widget elementor-widget-text-editor\" data-id=\"cfbafda\" data-element_type=\"widget\" data-widget_type=\"text-editor.default\">\n\t\t\t\t<div class=\"elementor-widget-container\">\n\t\t\t\t\t\t\t\t\t<p>Marie est une sp\u00e9cialiste de la communication, r\u00e9dactrice de contenu et chef de projet avec une formation en finance. Elle a r\u00e9alis\u00e9 des \u00e9tudes de marketing et de communication au CEFCO, Lausanne, Suisse et a commenc\u00e9 \u00e0 travailler pour une soci\u00e9t\u00e9 financi\u00e8re priv\u00e9e en 2008. Par la suite, elle a dirig\u00e9 sa propre entreprise op\u00e9rant dans la gestion de projets et le financement en tant que PDG pendant pr\u00e8s de 10 ans et a d\u00e9m\u00e9nag\u00e9 ses activit\u00e9s aux \u00c9tats-Unis. \u00c9tats en 2019.<\/p><p>Marie a une exp\u00e9rience exceptionnelle dans la vulgarisation scientifique, acquise gr\u00e2ce \u00e0 ses 4 ann\u00e9es de collaboration avec FJML, une organisation suisse \u00e0 but non lucratif. Elle travaille depuis plus d&#039;une d\u00e9cennie en tant qu&#039;attach\u00e9e de presse et\/ou sp\u00e9cialiste de la communication pour des entreprises priv\u00e9es, ainsi que diverses organisations \u00e0 but non lucratif, comme Experts sans fronti\u00e8res et l&#039;Agence de presse europ\u00e9enne.<\/p>\t\t\t\t\t\t\t\t<\/div>\n\t\t\t\t<\/div>\n\t\t\t\t<div class=\"elementor-element elementor-element-1bf9e0b elementor-shape-square elementor-grid-0 e-grid-align-center elementor-widget elementor-widget-social-icons\" data-id=\"1bf9e0b\" data-element_type=\"widget\" data-widget_type=\"social-icons.default\">\n\t\t\t\t<div class=\"elementor-widget-container\">\n\t\t\t\t\t\t\t<div class=\"elementor-social-icons-wrapper elementor-grid\">\n\t\t\t\t\t\t\t<span class=\"elementor-grid-item\">\n\t\t\t\t\t<a class=\"elementor-icon elementor-social-icon elementor-social-icon-linkedin elementor-repeater-item-91cbe52\" href=\"https:\/\/www.linkedin.com\/in\/marie-majkowiez-251ba08\/\" target=\"_blank\">\n\t\t\t\t\t\t<span class=\"elementor-screen-only\">Linkedin<\/span>\n\t\t\t\t\t\t<i aria-hidden=\"true\" class=\"fab fa-linkedin\"><\/i>\t\t\t\t\t<\/a>\n\t\t\t\t<\/span>\n\t\t\t\t\t<\/div>\n\t\t\t\t\t\t<\/div>\n\t\t\t\t<\/div>\n\t\t\t\t\t<\/div>\n\t\t<\/div>\n\t\t\t\t\t<\/div>\n\t\t<\/section>\n\t\t\t\t<\/div>","protected":false},"excerpt":{"rendered":"<h3>Partenaire<\/h3>\n<p style=\"text-align:justify;\">Marie est une sp\u00e9cialiste de la communication, r\u00e9dactrice de contenu et chef de projet avec une formation en finance. Elle a r\u00e9alis\u00e9 des \u00e9tudes de marketing et de communication au CEFCO, Lausanne, Suisse et a commenc\u00e9 \u00e0 travailler pour une soci\u00e9t\u00e9 financi\u00e8re priv\u00e9e en 2008.<\/p>\n<p>&nbsp;<br \/>\n&nbsp;<br \/>\n&nbsp;<br \/>\n<a class=\"elementor-icon elementor-social-icon elementor-social-icon-linkedin elementor-repeater-item-c605892\" href=\"https:\/\/www.linkedin.com\/in\/marie-majkowiez-251ba08\/\" target=\"_blank\" rel=\"noopener noreferrer\"><i class=\"fab fa-linkedin\"><\/i><\/a><\/p>","protected":false},"author":1,"featured_media":97317,"comment_status":"closed","ping_status":"closed","sticky":false,"template":"","format":"standard","meta":{"wds_primary_category":0,"footnotes":""},"categories":[43,41],"tags":[],"class_list":["post-97305","post","type-post","status-publish","format-standard","has-post-thumbnail","hentry","category-management","category-team"],"_links":{"self":[{"href":"https:\/\/swissfinanciers.com\/fr\/wp-json\/wp\/v2\/posts\/97305","targetHints":{"allow":["GET"]}}],"collection":[{"href":"https:\/\/swissfinanciers.com\/fr\/wp-json\/wp\/v2\/posts"}],"about":[{"href":"https:\/\/swissfinanciers.com\/fr\/wp-json\/wp\/v2\/types\/post"}],"author":[{"embeddable":true,"href":"https:\/\/swissfinanciers.com\/fr\/wp-json\/wp\/v2\/users\/1"}],"replies":[{"embeddable":true,"href":"https:\/\/swissfinanciers.com\/fr\/wp-json\/wp\/v2\/comments?post=97305"}],"version-history":[{"count":0,"href":"https:\/\/swissfinanciers.com\/fr\/wp-json\/wp\/v2\/posts\/97305\/revisions"}],"wp:featuredmedia":[{"embeddable":true,"href":"https:\/\/swissfinanciers.com\/fr\/wp-json\/wp\/v2\/media\/97317"}],"wp:attachment":[{"href":"https:\/\/swissfinanciers.com\/fr\/wp-json\/wp\/v2\/media?parent=97305"}],"wp:term":[{"taxonomy":"category","embeddable":true,"href":"https:\/\/swissfinanciers.com\/fr\/wp-json\/wp\/v2\/categories?post=97305"},{"taxonomy":"post_tag","embeddable":true,"href":"https:\/\/swissfinanciers.com\/fr\/wp-json\/wp\/v2\/tags?post=97305"}],"curies":[{"name":"wp","href":"https:\/\/api.w.org\/{rel}","templated":true}]}}